{"id":1042,"date":"2024-04-25T11:17:17","date_gmt":"2024-04-25T11:17:17","guid":{"rendered":"https:\/\/rental-ecocar.com\/zones-a-faibles-emissions-a-tenerife-criteres-dapplication\/"},"modified":"2026-08-31T11:45:08","modified_gmt":"2026-08-31T11:45:08","slug":"zones-a-faibles-emissions-a-tenerife-criteres-dapplication","status":"publish","type":"post","link":"https:\/\/rental-ecocar.com\/fr\/zones-a-faibles-emissions-a-tenerife-criteres-dapplication\/","title":{"rendered":"Zones \u00e0 faibles \u00e9missions \u00e0 Tenerife. Crit\u00e8res d'application"},"content":{"rendered":"\n<p class=\"wp-block-paragraph\">Les pr\u00e9occupations croissantes pour l'environnement et la qualit\u00e9 de l'air dans les zones urbaines ont conduit de nombreuses villes dans le monde \u00e0 adopter des politiques de mobilit\u00e9 durable. L'une des initiatives les plus prometteuses dans ce domaine est la mise en place de zones \u00e0 faibles \u00e9missions (LEZ). Tenerife, dans son engagement continu en faveur de la durabilit\u00e9, n'est pas en reste dans la mise en \u0153uvre de ces strat\u00e9gies, surtout si l'on tient compte de l'afflux important de touristes et de la n\u00e9cessit\u00e9 de pr\u00e9server ses ressources naturelles et ses paysages idylliques.  <\/p>\n\n<h3 class=\"wp-block-heading\" id=\"h-que-son-las-zonas-de-bajas-emisiones\">Qu'est-ce qu'une zone \u00e0 faibles \u00e9missions ?<\/h3>\n\n<p class=\"wp-block-paragraph\">Les zones \u00e0 faibles \u00e9missions sont des zones d\u00e9sign\u00e9es dans les villes o\u00f9 l'acc\u00e8s aux v\u00e9hicules plus polluants est restreint ou r\u00e9glement\u00e9 afin d'am\u00e9liorer la qualit\u00e9 de l'air et de promouvoir un environnement plus sain. Ces restrictions sont g\u00e9n\u00e9ralement bas\u00e9es sur les types de v\u00e9hicules, leur \u00e2ge, la technologie du moteur ou les \u00e9missions sp\u00e9cifiques de gaz polluants. <\/p>\n\n<p class=\"wp-block-paragraph\">Les ZFE sont soutenues par la loi sur le changement climatique et la transition \u00e9nerg\u00e9tique, adopt\u00e9e en 2021, qui vise \u00e0 r\u00e9duire la pollution de l'air et les \u00e9missions de gaz \u00e0 effet de serre dans les zones urbaines. Cette loi est conforme aux objectifs mondiaux de d\u00e9carbonisation \u00e9tablis dans l'Accord de Paris de 2015, cherchant \u00e0 promouvoir des transports plus propres et plus durables dans les villes d'ici 2030 et 2050. <\/p>\n\n<p class=\"wp-block-paragraph\">Avec l'entr\u00e9e en vigueur de cette loi en 2023, les villes de plus de 50 000 habitants sont tenues de mettre en place ces zones pour lutter contre la pollution. Cela concerne 149 grandes municipalit\u00e9s du pays. En outre, les municipalit\u00e9s de plus de 20 000 habitants qui d\u00e9passent les limites de pollution sp\u00e9cifi\u00e9es dans les r\u00e9glementations sur la qualit\u00e9 de l'air doivent \u00e9galement \u00e9tablir des zones \u00e0 faibles \u00e9missions, ce qui t\u00e9moigne d'un engagement clair en faveur de l'am\u00e9lioration de l'environnement dans les zones urbaines.  <\/p>\n\n<h3 class=\"wp-block-heading\" id=\"h-criterios-de-aplicacion-en-tenerife\">Crit\u00e8res de candidature \u00e0 Tenerife<\/h3>\n\n<p class=\"wp-block-paragraph\">La mise en \u0153uvre des ZBE \u00e0 T\u00e9n\u00e9riffe repose sur une s\u00e9rie de crit\u00e8res sp\u00e9cifiques con\u00e7us pour s'adapter aux particularit\u00e9s de l'\u00eele. Ces crit\u00e8res sont les suivants <\/p>\n\n<ol class=\"wp-block-list\">\n<li><strong>S\u00e9lection des zones<\/strong>: Identifier les zones les plus touch\u00e9es par la pollution automobile, qui comprennent g\u00e9n\u00e9ralement les centres urbains \u00e0 forte densit\u00e9 de trafic tels que <a href=\"https:\/\/www.santacruzdetenerife.es\/web\/servicios-municipales\/movilidad-y-accesibilidad-universal\/zonas-de-bajas-emisiones\" rel=\"nofollow noopener\" target=\"_blank\">Santa Cruz de Tenerife <\/a>et <a href=\"https:\/\/www.aytolalaguna.es\/\" rel=\"nofollow noopener\" target=\"_blank\">San Crist\u00f3bal de La Laguna<\/a>. La s\u00e9lection prend \u00e9galement en compte les zones \u00e0 forte affluence touristique telles que les municipalit\u00e9s d'<a href=\"https:\/\/www.arona.org\/\" rel=\"nofollow noopener\" target=\"_blank\">Arona<\/a> et de <a href=\"https:\/\/www.granadilladeabona.org\/\" rel=\"nofollow noopener\" target=\"_blank\">Granadilla de Abona<\/a>.<br\/>Pour la ville de Santa Cruz de Tenerife en particulier, il a fourni une carte indiquant l'emplacement exact de la ZBE. <br\/><img loading=\"lazy\" decoding=\"async\" width=\"500\" height=\"352\" srcset=\"https:\/\/rental-ecocar.com\/wp-content\/uploads\/2024\/05\/mapaZBEsantacruz.png 1229w, https:\/\/rental-ecocar.com\/wp-content\/uploads\/2024\/05\/mapaZBEsantacruz-300x211.png 300w, https:\/\/rental-ecocar.com\/wp-content\/uploads\/2024\/05\/mapaZBEsantacruz-1024x721.png 1024w, https:\/\/rental-ecocar.com\/wp-content\/uploads\/2024\/05\/mapaZBEsantacruz-768x541.png 768w, https:\/\/rental-ecocar.com\/wp-content\/uploads\/2024\/05\/mapaZBEsantacruz-600x422.png 600w\" src=\"https:\/\/rental-ecocar.com\/wp-content\/uploads\/2024\/05\/mapaZBEsantacruz.png\" alt=\"Carte ZBE santa cruz de tenerife\" title=\"\"><\/li>\n\n\n\n<li><strong>Type de v\u00e9hicules concern\u00e9s<\/strong>: Les v\u00e9hicules qui ne respectent pas certaines normes d'\u00e9mission, telles que Euro 5\/6 pour le diesel et Euro 3\/4 pour l'essence, seront soumis \u00e0 des restrictions plus importantes ou auront un acc\u00e8s limit\u00e9 \u00e0 ces zones. Cette mesure est conforme aux tendances europ\u00e9ennes dans ce domaine. <\/li>\n\n\n\n<li><strong>Horaires de restriction<\/strong>: L'\u00e9tablissement de p\u00e9riodes sp\u00e9cifiques pendant lesquelles des restrictions s'appliquent, g\u00e9n\u00e9ralement pendant les heures de pointe du trafic, peut \u00eatre une mesure efficace pour r\u00e9duire la pollution sans perturber compl\u00e8tement l'activit\u00e9 \u00e9conomique et sociale.<\/li>\n\n\n\n<li><strong>Exemptions et subventions<\/strong>: Mettez en place un syst\u00e8me d'exon\u00e9rations pour les r\u00e9sidents, les services essentiels et les v\u00e9hicules dont l'impact sur l'environnement est faible ou nul, tels que les v\u00e9hicules \u00e9lectriques ou hybrides. En outre, proposez des aides ou des subventions pour le renouvellement des flottes de v\u00e9hicules vers des technologies plus propres. <\/li>\n\n\n\n<li><strong>Sensibilisation et \u00e9ducation<\/strong>: Mener des campagnes de sensibilisation pour informer le public sur les avantages des zones franches industrielles et sur la mani\u00e8re dont elles contribuent \u00e0 rendre l'\u00eele plus verte et plus saine.<\/li>\n<\/ol>\n\n<h3 class=\"wp-block-heading\" id=\"h-beneficios-esperados-de-las-zbe-en-tenerife\">Avantages escompt\u00e9s des zones franches industrielles \u00e0 Tenerife<\/h3>\n\n<p class=\"wp-block-paragraph\">La mise en place de zones franches \u00e0 T\u00e9n\u00e9riffe apporte un certain nombre d'avantages tangibles :<\/p>\n\n<ul class=\"wp-block-list\">\n<li><strong>Am\u00e9lioration de la qualit\u00e9 de l'air<\/strong>: La r\u00e9duction des concentrations de NOx, de PM10 et d'autres polluants am\u00e9liorera consid\u00e9rablement la qualit\u00e9 de l'air, ce qui sera b\u00e9n\u00e9fique pour la sant\u00e9 publique.<\/li>\n\n\n\n<li><strong>R\u00e9duction du bruit<\/strong>: Moins de trafic signifie moins de bruit, ce qui contribue \u00e0 un environnement plus calme et moins stressant.<\/li>\n\n\n\n<li><strong>Promouvoir le transport durable<\/strong>: En limitant l'acc\u00e8s aux v\u00e9hicules polluants, l'utilisation d'alternatives plus durables telles que les transports publics, les v\u00e9los ou les VMP est encourag\u00e9e.<\/li>\n\n\n\n<li><strong>Augmentation du tourisme vert<\/strong>: Avec une image plus verte et plus durable, Tenerife peut attirer un segment de touristes qui appr\u00e9cient les destinations engag\u00e9es dans la protection de l'environnement.<\/li>\n<\/ul>\n\n<h3 class=\"wp-block-heading\" id=\"h-desafios-y-consideraciones\">D\u00e9fis et consid\u00e9rations<\/h3>\n\n<p class=\"wp-block-paragraph\">Cependant, la mise en \u0153uvre des zones franches n'est pas sans poser de probl\u00e8mes. L'infrastructure des transports publics de Tenerife a \u00e9t\u00e9 adapt\u00e9e et est pr\u00e9sent\u00e9e comme une alternative viable \u00e0 l'utilisation de la voiture priv\u00e9e. En outre, il est essentiel que les mesures prises ne d\u00e9placent pas simplement le probl\u00e8me de la pollution vers des zones environnantes moins r\u00e9glement\u00e9es.  <\/p>\n\n<h3 class=\"wp-block-heading\" id=\"h-hacia-un-futuro-sostenible\">Vers un avenir durable<\/h3>\n\n<p class=\"wp-block-paragraph\">L'initiative des zones franches industrielles \u00e0 T\u00e9n\u00e9riffe repr\u00e9sente un pas audacieux vers un avenir plus durable. Gr\u00e2ce \u00e0 une planification minutieuse et \u00e0 une approche globale, ces zones ont le potentiel de transformer consid\u00e9rablement l'environnement urbain, faisant de l'\u00eele un endroit plus sain et plus attrayant pour les r\u00e9sidents et les visiteurs. <\/p>\n\n<figure class=\"wp-block-image\"><img decoding=\"async\" src=\"https:\/\/rental-ecocar.com\/wp-content\/uploads\/2024\/04\/Diseno-sin-titulo.jpg\" alt=\"\" class=\"wp-image-1286\" title=\"\"><\/figure>\n\n<p class=\"wp-block-paragraph\"><strong><br\/>Promouvoir la location de v\u00e9hicules \u00e9lectriques et hybrides avec Eco Car Rent a Car<\/strong><\/p>\n\n<p class=\"wp-block-paragraph\">La promotion d'alternatives de transport plus propres et plus durables est un \u00e9l\u00e9ment essentiel du succ\u00e8s des zones \u00e0 faibles \u00e9missions de T\u00e9n\u00e9rife. En ce sens, <a href=\"https:\/\/rental-ecocar.com\/en\/\">Eco Car Rent a Car<\/a>se positionne comme un leader innovant sur l'\u00eele, en proposant une large flotte de v\u00e9hicules \u00e9lectriques et hybrides \u00e0 la location. En choisissant de louer l'un de ces v\u00e9hicules plus propres, vous contribuez non seulement \u00e0 l'am\u00e9lioration de la qualit\u00e9 de l'air et \u00e0 la r\u00e9duction du bruit urbain, mais vous b\u00e9n\u00e9ficiez \u00e9galement d'une exp\u00e9rience de conduite sup\u00e9rieure et \u00e9conomique, gr\u00e2ce \u00e0 une moindre d\u00e9pendance aux carburants fossiles.  <\/p>\n\n<p class=\"wp-block-paragraph\">Eco Car Rent a Car facilite l'acc\u00e8s \u00e0 ces technologies vertes, avec des bornes de recharge bien situ\u00e9es et des tarifs comp\u00e9titifs qui font de la location de v\u00e9hicules \u00e9lectriques une option attrayante pour les touristes comme pour les r\u00e9sidents. En outre, la location d'un v\u00e9hicule \u00e9lectrique ou hybride dans les zones o\u00f9 des restrictions s'appliquent aux v\u00e9hicules les plus polluants vous permettra de vous d\u00e9placer librement dans toutes les zones de l'\u00eele, y compris les ZBE, sans vous soucier des limitations d'acc\u00e8s qui affectent les v\u00e9hicules conventionnels. <\/p>\n\n<p class=\"wp-block-paragraph\">En choisissant Eco Car Rent a Car, vous optez non seulement pour un mode de transport respectueux de l'environnement, mais vous soutenez \u00e9galement une entreprise locale qui s'engage pour un avenir plus durable \u00e0 Tenerife. C'est un excellent moyen de profiter de la beaut\u00e9 de l'\u00eele, tout en contribuant activement \u00e0 sa conservation pour les g\u00e9n\u00e9rations futures. <\/p>\n\n\n\n<p class=\"rec-links-seo wp-block-paragraph\">Vous pr\u00e9parez votre voyage ? D\u00e9couvrez <a href=\"https:\/\/rental-ecocar.com\/fr\/flotte\/\">notre flotte de v\u00e9hicules \u00e0 Tenerife<\/a> ou <a href=\"https:\/\/rental-ecocar.com\/fr\/location-de-voitures-a-laeroport-de-tenerife-south\/\">louez une voiture \u00e0 l'a\u00e9roport de Tenerife Sud<\/a>.<\/p>\n","protected":false},"excerpt":{"rendered":"<p>Les pr\u00e9occupations croissantes pour l'environnement et la qualit\u00e9 de l'air dans les zones urbaines ont conduit de nombreuses villes dans le monde \u00e0 adopter des politiques de mobilit\u00e9 durable. L'une des initiatives les plus prometteuses dans ce domaine est la mise en place de zones \u00e0 faibles \u00e9missions (LEZ). Tenerife, dans son engagement continu en faveur de la durabilit\u00e9, n'est pas en reste dans la mise en \u0153uvre de ces strat\u00e9gies, surtout si l'on tient compte de l'afflux important de touristes et de la n\u00e9cessit\u00e9 de pr\u00e9server ses ressources naturelles et ses paysages idylliques.  <\/p>\n","protected":false},"author":2,"featured_media":1043,"comment_status":"open","ping_status":"open","sticky":false,"template":"","format":"standard","meta":{"_joinchat":[],"footnotes":""},"categories":[33],"tags":[],"class_list":["post-1042","post","type-post","status-publish","format-standard","has-post-thumbnail","hentry","category-blog-fr"],"_links":{"self":[{"href":"https:\/\/rental-ecocar.com\/fr\/wp-json\/wp\/v2\/posts\/1042","targetHints":{"allow":["GET"]}}],"collection":[{"href":"https:\/\/rental-ecocar.com\/fr\/wp-json\/wp\/v2\/posts"}],"about":[{"href":"https:\/\/rental-ecocar.com\/fr\/wp-json\/wp\/v2\/types\/post"}],"author":[{"embeddable":true,"href":"https:\/\/rental-ecocar.com\/fr\/wp-json\/wp\/v2\/users\/2"}],"replies":[{"embeddable":true,"href":"https:\/\/rental-ecocar.com\/fr\/wp-json\/wp\/v2\/comments?post=1042"}],"version-history":[{"count":2,"href":"https:\/\/rental-ecocar.com\/fr\/wp-json\/wp\/v2\/posts\/1042\/revisions"}],"predecessor-version":[{"id":2313,"href":"https:\/\/rental-ecocar.com\/fr\/wp-json\/wp\/v2\/posts\/1042\/revisions\/2313"}],"wp:featuredmedia":[{"embeddable":true,"href":"https:\/\/rental-ecocar.com\/fr\/wp-json\/wp\/v2\/media\/1043"}],"wp:attachment":[{"href":"https:\/\/rental-ecocar.com\/fr\/wp-json\/wp\/v2\/media?parent=1042"}],"wp:term":[{"taxonomy":"category","embeddable":true,"href":"https:\/\/rental-ecocar.com\/fr\/wp-json\/wp\/v2\/categories?post=1042"},{"taxonomy":"post_tag","embeddable":true,"href":"https:\/\/rental-ecocar.com\/fr\/wp-json\/wp\/v2\/tags?post=1042"}],"curies":[{"name":"wp","href":"https:\/\/api.w.org\/{rel}","templated":true}]}}