{"id":1033,"date":"2024-02-21T11:21:45","date_gmt":"2024-02-21T11:21:45","guid":{"rendered":"https:\/\/rental-ecocar.com\/explorer-tenerife-les-5-meilleurs-points-de-vue-pour-les-photographes\/"},"modified":"2026-08-31T11:45:12","modified_gmt":"2026-08-31T11:45:12","slug":"explorer-tenerife-les-5-meilleurs-points-de-vue-pour-les-photographes","status":"publish","type":"post","link":"https:\/\/rental-ecocar.com\/fr\/explorer-tenerife-les-5-meilleurs-points-de-vue-pour-les-photographes\/","title":{"rendered":"Explorer Tenerife : Les 5 meilleurs points de vue pour les photographes"},"content":{"rendered":"\n<p class=\"wp-block-paragraph\">Tenerife est un paradis pour les amateurs de photographie, offrant une diversit\u00e9 de paysages qui capturent l'essence de la beaut\u00e9 naturelle. Des plages de sable noir aux pics imposants du mont Teide, l'\u00eele vous invite \u00e0 explorer et \u00e0 documenter ses contrastes uniques. La lumi\u00e8re du soleil qui baigne les anciennes for\u00eats de lauriers, les falaises qui se jettent dans l'Atlantique et les villages pittoresques plong\u00e9s dans la brume du matin constituent une toile vivante pour les photographes.   Cet article vous guidera \u00e0 travers les 5 meilleurs points de vue de Tenerife, chacun offrant une fen\u00eatre sur les merveilles naturelles et culturelles de l'\u00eele, en veillant \u00e0 ce que chaque clich\u00e9 r\u00e9v\u00e8le une histoire, une \u00e9motion ou un moment unique.<\/p>\n\n<h2 class=\"wp-block-heading\" id=\"h-mirador-de-chipeque\">Point de vue de Chipeque<\/h2>\n\n<figure class=\"wp-block-image\"><img decoding=\"async\" src=\"https:\/\/rental-ecocar.com\/wp-content\/uploads\/2024\/02\/mirador-chipeque.jpg\" alt=\"point de vue chipeque\" class=\"wp-image-1175\" title=\"\"><\/figure>\n\n<p class=\"wp-block-paragraph\">Le Mirador de Chipeque offre une perspective fascinante de la mer de nuages qui enveloppe souvent les pentes de T\u00e9n\u00e9riffe, contrastant de fa\u00e7on spectaculaire avec le ciel clair. Pour saisir la majest\u00e9 de ce ph\u00e9nom\u00e8ne, le meilleur moment pour le visiter est t\u00f4t le matin ou au coucher du soleil, lorsque la lumi\u00e8re douce renforce l'effet onirique de la mer de nuages. Utilisez un tr\u00e9pied pour stabiliser votre appareil photo dans ces conditions de lumi\u00e8re changeante et envisagez d'utiliser un filtre polarisant pour intensifier les couleurs du ciel. Exp\u00e9rimentez diff\u00e9rentes expositions pour capturer \u00e0 la fois la texture douce des nuages et la dynamique du ciel.   <\/p>\n\n<p class=\"wp-block-paragraph\"><strong>O\u00f9 se trouve-t-il ?  <\/strong><a href=\"https:\/\/maps.app.goo.gl\/P43go9wZWQDyvaRw6\" rel=\"nofollow noopener\" target=\"_blank\">https:\/\/maps.app.goo.gl\/P43go9wZWQDyvaRw6<\/a><\/p>\n\n<h2 class=\"wp-block-heading\" id=\"h-mirador-de-la-tarta\">Le point de vue de La Tarta<\/h2>\n\n<figure class=\"wp-block-image\"><img decoding=\"async\" src=\"https:\/\/rental-ecocar.com\/wp-content\/uploads\/2024\/02\/mirador-la-tarta.jpg\" alt=\"le point de vue de la tarta\" class=\"wp-image-1181\" title=\"\"><\/figure>\n\n<p class=\"wp-block-paragraph\">Le Mirador de La Tarta est c\u00e9l\u00e8bre pour ses formations g\u00e9ologiques uniques qui ressemblent aux couches d'un g\u00e2teau multicolore. Cette caract\u00e9ristique offre une occasion unique d'explorer la composition photographique, o\u00f9 les lignes horizontales des formations peuvent servir \u00e0 guider l'\u0153il \u00e0 travers l'image, cr\u00e9ant une profondeur et une perspective. L'utilisation d'un objectif grand angle est recommand\u00e9e pour capturer l'\u00e9tendue du paysage. En outre, un filtre \u00e0 densit\u00e9 neutre peut aider \u00e0 \u00e9quilibrer l'exposition entre le ciel et les formations, permettant ainsi de capturer la richesse des d\u00e9tails et des couleurs sans surexposer aucune partie de l'image.   <\/p>\n\n<p class=\"wp-block-paragraph\"><strong>O\u00f9 se trouve-t-il ?<\/strong> <a href=\"https:\/\/maps.app.goo.gl\/mdA41xBF4ewS2tQn9\" rel=\"nofollow noopener\" target=\"_blank\">https:\/\/maps.app.goo.gl\/mdA41xBF4ewS2tQn9<\/a><\/p>\n\n<h2 class=\"wp-block-heading\" id=\"h-mirador-del-pico-del-ingles\">Point de vue du Pico del Ingl\u00e9s<\/h2>\n\n<figure class=\"wp-block-image\"><img decoding=\"async\" src=\"https:\/\/rental-ecocar.com\/wp-content\/uploads\/2024\/02\/mirador-pico-del-ingles.jpg\" alt=\"point de vue du pico del ingles\" class=\"wp-image-1184\" title=\"\"><\/figure>\n\n<p class=\"wp-block-paragraph\">Le Mirador del Pico del Ingl\u00e9s est un endroit exceptionnel pour ceux qui cherchent \u00e0 capturer des vues panoramiques de T\u00e9n\u00e9rife, en particulier lors de levers ou de couchers de soleil spectaculaires. La cl\u00e9 de la prise de vue est de profiter de l'heure dor\u00e9e, juste apr\u00e8s le lever ou avant le coucher du soleil, lorsque la lumi\u00e8re douce et chaude peut ajouter un \u00e9clat magique \u00e0 vos photos. Utilisez un tr\u00e9pied pour assurer la stabilit\u00e9 de l'appareil photo dans ces conditions de faible luminosit\u00e9 et envisagez d'utiliser un filtre \u00e0 densit\u00e9 neutre gradu\u00e9e pour \u00e9quilibrer l'exposition entre le ciel \u00e9clatant et le terrain.  <\/p>\n\n<p class=\"wp-block-paragraph\"><strong>O\u00f9 se trouve-t-il ?<\/strong> <a href=\"https:\/\/maps.app.goo.gl\/9SEcnMmsbMYs3H657\" rel=\"nofollow noopener\" target=\"_blank\">https:\/\/maps.app.goo.gl\/9SEcnMmsbMYs3H657<\/a><\/p>\n\n<h2 class=\"wp-block-heading\" id=\"h-mirador-de-garachico\">Point de vue de Garachico<\/h2>\n\n<figure class=\"wp-block-image\"><img decoding=\"async\" src=\"https:\/\/rental-ecocar.com\/wp-content\/uploads\/2024\/02\/mirador-garachico.jpg\" alt=\"point de vue de garachico\" class=\"wp-image-1178\" title=\"\"><\/figure>\n\n<p class=\"wp-block-paragraph\">Le Mirador de Garachico est un lieu exceptionnel pour ceux qui souhaitent combiner des \u00e9l\u00e9ments urbains et naturels dans leurs photographies. Il offre des vues \u00e0 couper le souffle sur la ville de Garachico et les formations volcaniques qui l'entourent. Pour \u00e9quilibrer ces \u00e9l\u00e9ments, concentrez-vous sur l'utilisation des r\u00e8gles de composition telles que la r\u00e8gle des tiers, en pla\u00e7ant l'horizon sur l'une des lignes horizontales pour donner une importance \u00e9gale au ciel et au paysage. Exp\u00e9rimentez diff\u00e9rents angles et hauteurs pour capturer l'interaction entre l'architecture historique et la nature \u00e0 couper le souffle.  <\/p>\n\n<p class=\"wp-block-paragraph\"><strong>O\u00f9 se trouve-t-il ?<\/strong> <a href=\"https:\/\/maps.app.goo.gl\/zxnw9aHanRsDx1bW6\" rel=\"nofollow noopener\" target=\"_blank\">https:\/\/maps.app.goo.gl\/zxnw9aHanRsDx1bW6<\/a><\/p>\n\n<h2 class=\"wp-block-heading\" id=\"h-mirador-de-archipenque\">Point de vue Archipenque<\/h2>\n\n<figure class=\"wp-block-image\"><img decoding=\"async\" src=\"https:\/\/rental-ecocar.com\/wp-content\/uploads\/2024\/02\/mirador-archipenque.jpg\" alt=\"point de vue archipenque\" class=\"wp-image-1172\" title=\"\"><\/figure>\n\n<p class=\"wp-block-paragraph\">Depuis le Mirador de Archipenque, il est possible de capturer des vues spectaculaires des falaises de Los Gigantes, un d\u00e9fi gratifiant pour les photographes. Pour profiter de la majest\u00e9 de ces falaises avec un appareil photo grand angle, il est essentiel de jouer avec le contraste de l'ombre et de la lumi\u00e8re, en particulier pendant les heures dor\u00e9es du lever ou du coucher du soleil. Cela permettra non seulement de mettre en valeur la texture et le relief des falaises, mais aussi de capturer le vaste bleu de l'oc\u00e9an qui s'\u00e9tend \u00e0 l'horizon. Exp\u00e9rimentez diff\u00e9rentes expositions pour faire ressortir les d\u00e9tails des formations rocheuses par rapport au ciel dramatiquement \u00e9clair\u00e9.   <\/p>\n\n<p class=\"wp-block-paragraph\"><strong>O\u00f9 se trouve-t-il ?<\/strong> <a href=\"https:\/\/maps.app.goo.gl\/7zuWZZTr1M8HsAuf9\" rel=\"nofollow noopener\" target=\"_blank\">https:\/\/maps.app.goo.gl\/7zuWZZTr1M8HsAuf9<\/a><\/p>\n\n\n\n<p class=\"rec-links-seo wp-block-paragraph\">Vous pr\u00e9parez votre voyage ? D\u00e9couvrez <a href=\"https:\/\/rental-ecocar.com\/fr\/flotte\/\">notre flotte de v\u00e9hicules \u00e0 Tenerife<\/a> ou <a href=\"https:\/\/rental-ecocar.com\/fr\/location-de-voitures-a-laeroport-de-tenerife-south\/\">louez une voiture \u00e0 l'a\u00e9roport de Tenerife Sud<\/a>.<\/p>\n","protected":false},"excerpt":{"rendered":"<p>Tenerife est un paradis pour les amateurs de photographie, offrant une diversit\u00e9 de paysages qui capturent l'essence de la beaut\u00e9 naturelle. Des plages de sable noir aux pics imposants du mont Teide, l'\u00eele vous invite \u00e0 explorer et \u00e0 documenter ses contrastes uniques. La lumi\u00e8re du soleil qui baigne les anciennes for\u00eats de lauriers, les falaises qui se jettent dans l'Atlantique et les villages pittoresques plong\u00e9s dans la brume du matin constituent une toile vivante pour les photographes.  <\/p>\n","protected":false},"author":2,"featured_media":1034,"comment_status":"open","ping_status":"open","sticky":false,"template":"","format":"standard","meta":{"_joinchat":[],"footnotes":""},"categories":[33],"tags":[],"class_list":["post-1033","post","type-post","status-publish","format-standard","has-post-thumbnail","hentry","category-blog-fr"],"_links":{"self":[{"href":"https:\/\/rental-ecocar.com\/fr\/wp-json\/wp\/v2\/posts\/1033","targetHints":{"allow":["GET"]}}],"collection":[{"href":"https:\/\/rental-ecocar.com\/fr\/wp-json\/wp\/v2\/posts"}],"about":[{"href":"https:\/\/rental-ecocar.com\/fr\/wp-json\/wp\/v2\/types\/post"}],"author":[{"embeddable":true,"href":"https:\/\/rental-ecocar.com\/fr\/wp-json\/wp\/v2\/users\/2"}],"replies":[{"embeddable":true,"href":"https:\/\/rental-ecocar.com\/fr\/wp-json\/wp\/v2\/comments?post=1033"}],"version-history":[{"count":2,"href":"https:\/\/rental-ecocar.com\/fr\/wp-json\/wp\/v2\/posts\/1033\/revisions"}],"predecessor-version":[{"id":2314,"href":"https:\/\/rental-ecocar.com\/fr\/wp-json\/wp\/v2\/posts\/1033\/revisions\/2314"}],"wp:featuredmedia":[{"embeddable":true,"href":"https:\/\/rental-ecocar.com\/fr\/wp-json\/wp\/v2\/media\/1034"}],"wp:attachment":[{"href":"https:\/\/rental-ecocar.com\/fr\/wp-json\/wp\/v2\/media?parent=1033"}],"wp:term":[{"taxonomy":"category","embeddable":true,"href":"https:\/\/rental-ecocar.com\/fr\/wp-json\/wp\/v2\/categories?post=1033"},{"taxonomy":"post_tag","embeddable":true,"href":"https:\/\/rental-ecocar.com\/fr\/wp-json\/wp\/v2\/tags?post=1033"}],"curies":[{"name":"wp","href":"https:\/\/api.w.org\/{rel}","templated":true}]}}