{"id":1027,"date":"2024-02-21T11:21:45","date_gmt":"2024-02-21T11:21:45","guid":{"rendered":"https:\/\/rental-ecocar.com\/explorando-tenerife-los-5-mejores-miradores-para-fotografos\/"},"modified":"2026-08-31T11:43:39","modified_gmt":"2026-08-31T11:43:39","slug":"explorando-tenerife-los-5-mejores-miradores-para-fotografos","status":"publish","type":"post","link":"https:\/\/rental-ecocar.com\/es\/explorando-tenerife-los-5-mejores-miradores-para-fotografos\/","title":{"rendered":"Explorando Tenerife: Los 5 mejores miradores para fot\u00f3grafos"},"content":{"rendered":"\n<p class=\"wp-block-paragraph\">Tenerife destaca como un para\u00edso para los entusiastas de la fotograf\u00eda, ya que ofrece una diversidad de paisajes que captan la esencia de la belleza natural. Desde las playas de arena negra hasta los imponentes picos del Teide, la isla te invita a explorar y documentar sus contrastes \u00fanicos. La luz del sol ba\u00f1ando los antiguos bosques de laurisilva, los acantilados que se encuentran con el Atl\u00e1ntico y los pintorescos pueblos inmersos en la bruma matinal proporcionan un lienzo v\u00edvido para los fot\u00f3grafos. Este art\u00edculo te guiar\u00e1 por los 5 mejores miradores de Tenerife, cada uno de los cuales ofrece una ventana a las maravillas naturales y culturales de la isla, garantizando que cada toma revele una historia, una emoci\u00f3n o un momento \u00fanico.   <\/p>\n\n<h2 class=\"wp-block-heading\" id=\"h-mirador-de-chipeque\">Mirador de Chipeque<\/h2>\n\n<figure class=\"wp-block-image\"><img decoding=\"async\" src=\"https:\/\/rental-ecocar.com\/wp-content\/uploads\/2024\/02\/mirador-chipeque.jpg\" alt=\"mirador del chipeque\" class=\"wp-image-1175\" title=\"\"><\/figure>\n\n<p class=\"wp-block-paragraph\">El Mirador de Chipeque ofrece una fascinante perspectiva del mar de nubes que a menudo envuelve las laderas de Tenerife, contrastando dram\u00e1ticamente con el cielo despejado. Para captar la majestuosidad de este fen\u00f3meno, el mejor momento para visitarlo es durante las primeras horas de la ma\u00f1ana o al atardecer, cuando la suave luz realza el efecto on\u00edrico del mar de nubes. Utiliza un tr\u00edpode para estabilizar la c\u00e1mara en estas condiciones cambiantes de luz y considera la posibilidad de utilizar un filtro polarizador para intensificar los colores del cielo. Experimenta con distintas exposiciones para captar tanto la suave textura de las nubes como la din\u00e1mica del cielo.   <\/p>\n\n<p class=\"wp-block-paragraph\"><strong>\u00bfD\u00f3nde est\u00e1?  <\/strong><a href=\"https:\/\/maps.app.goo.gl\/P43go9wZWQDyvaRw6\" rel=\"nofollow noopener\" target=\"_blank\">https:\/\/maps.app.goo.gl\/P43go9wZWQDyvaRw6<\/a><\/p>\n\n<h2 class=\"wp-block-heading\" id=\"h-mirador-de-la-tarta\">Mirador de La Tarta<\/h2>\n\n<figure class=\"wp-block-image\"><img decoding=\"async\" src=\"https:\/\/rental-ecocar.com\/wp-content\/uploads\/2024\/02\/mirador-la-tarta.jpg\" alt=\"la tarta mirador\" class=\"wp-image-1181\" title=\"\"><\/figure>\n\n<p class=\"wp-block-paragraph\">El Mirador de La Tarta es famoso por sus singulares formaciones geol\u00f3gicas que se asemejan a las capas de un pastel multicolor. Esta caracter\u00edstica ofrece una oportunidad \u00fanica para explorar la composici\u00f3n fotogr\u00e1fica, en la que las l\u00edneas horizontales de las formaciones pueden servir para guiar el ojo a trav\u00e9s de la imagen, creando profundidad y perspectiva. Se recomienda utilizar un objetivo gran angular para captar la amplitud del paisaje. Adem\u00e1s, un filtro de densidad neutra podr\u00eda ayudar a equilibrar la exposici\u00f3n entre el cielo y las formas del terreno, permitiendo captar la riqueza de detalles y colores sin sobreexponer ninguna parte de la imagen.   <\/p>\n\n<p class=\"wp-block-paragraph\"><strong>\u00bfD\u00f3nde est\u00e1?<\/strong> <a href=\"https:\/\/maps.app.goo.gl\/mdA41xBF4ewS2tQn9\" rel=\"nofollow noopener\" target=\"_blank\">https:\/\/maps.app.goo.gl\/mdA41xBF4ewS2tQn9<\/a><\/p>\n\n<h2 class=\"wp-block-heading\" id=\"h-mirador-del-pico-del-ingles\">Mirador del Pico del Ingl\u00e9s<\/h2>\n\n<figure class=\"wp-block-image\"><img decoding=\"async\" src=\"https:\/\/rental-ecocar.com\/wp-content\/uploads\/2024\/02\/mirador-pico-del-ingles.jpg\" alt=\"mirador pico del ingl&#xE9;s\" class=\"wp-image-1184\" title=\"\"><\/figure>\n\n<p class=\"wp-block-paragraph\">El Mirador del Pico del Ingl\u00e9s es un lugar excepcional para quienes buscan captar vistas panor\u00e1micas de Tenerife, especialmente durante los dram\u00e1ticos amaneceres o atardeceres. La clave para fotografiar aqu\u00ed es aprovechar la \"hora dorada\", justo despu\u00e9s del amanecer o antes del atardecer, cuando la luz suave y c\u00e1lida puede a\u00f1adir un brillo m\u00e1gico a tus fotograf\u00edas. Utiliza un tr\u00edpode para garantizar la estabilidad de la c\u00e1mara en estas condiciones de poca luz y considera la posibilidad de utilizar un filtro graduado de densidad neutra para equilibrar la exposici\u00f3n entre el cielo vibrante y el terreno.  <\/p>\n\n<p class=\"wp-block-paragraph\"><strong>\u00bfD\u00f3nde est\u00e1?<\/strong> <a href=\"https:\/\/maps.app.goo.gl\/9SEcnMmsbMYs3H657\" rel=\"nofollow noopener\" target=\"_blank\">https:\/\/maps.app.goo.gl\/9SEcnMmsbMYs3H657<\/a><\/p>\n\n<h2 class=\"wp-block-heading\" id=\"h-mirador-de-garachico\">Mirador de Garachico<\/h2>\n\n<figure class=\"wp-block-image\"><img decoding=\"async\" src=\"https:\/\/rental-ecocar.com\/wp-content\/uploads\/2024\/02\/mirador-garachico.jpg\" alt=\"mirador de garachico\" class=\"wp-image-1178\" title=\"\"><\/figure>\n\n<p class=\"wp-block-paragraph\">El Mirador de Garachico es un lugar excepcional para quienes deseen combinar elementos urbanos y naturales en sus fotograf\u00edas, ya que ofrece unas vistas impresionantes de la ciudad de Garachico y de las formaciones volc\u00e1nicas que la rodean. Para equilibrar estos elementos, c\u00e9ntrate en utilizar reglas de composici\u00f3n como la regla de los tercios, situando el horizonte en una de las l\u00edneas horizontales para dar la misma importancia al cielo y al paisaje. Experimenta con distintos \u00e1ngulos y alturas para captar la interacci\u00f3n entre la arquitectura hist\u00f3rica y la impresionante naturaleza.  <\/p>\n\n<p class=\"wp-block-paragraph\"><strong>\u00bfD\u00f3nde est\u00e1?<\/strong> <a href=\"https:\/\/maps.app.goo.gl\/zxnw9aHanRsDx1bW6\" rel=\"nofollow noopener\" target=\"_blank\">https:\/\/maps.app.goo.gl\/zxnw9aHanRsDx1bW6<\/a><\/p>\n\n<h2 class=\"wp-block-heading\" id=\"h-mirador-de-archipenque\">Mirador del Archipenque<\/h2>\n\n<figure class=\"wp-block-image\"><img decoding=\"async\" src=\"https:\/\/rental-ecocar.com\/wp-content\/uploads\/2024\/02\/mirador-archipenque.jpg\" alt=\"mirador archipenque\" class=\"wp-image-1172\" title=\"\"><\/figure>\n\n<p class=\"wp-block-paragraph\">Desde el Mirador de Archipenque se pueden captar vistas espectaculares de los acantilados de Los Gigantes, un reto gratificante para los fot\u00f3grafos. Para aprovechar la majestuosidad de estos acantilados con una c\u00e1mara gran angular, es crucial jugar con el contraste de luces y sombras, especialmente durante las horas doradas del amanecer o el atardecer. Esto no s\u00f3lo realzar\u00e1 la textura y el relieve de los acantilados, sino que tambi\u00e9n captar\u00e1 el vasto azul del oc\u00e9ano que se extiende hacia el horizonte. Experimenta con diferentes exposiciones para resaltar los detalles de las formaciones rocosas contra el cielo dram\u00e1ticamente iluminado.   <\/p>\n\n<p class=\"wp-block-paragraph\"><strong>\u00bfD\u00f3nde est\u00e1?<\/strong> <a href=\"https:\/\/maps.app.goo.gl\/7zuWZZTr1M8HsAuf9\" rel=\"nofollow noopener\" target=\"_blank\">https:\/\/maps.app.goo.gl\/7zuWZZTr1M8HsAuf9<\/a><\/p>\n\n\n\n<p class=\"rec-links-seo wp-block-paragraph\">\u00bfPreparando tu viaje? Descubre <a href=\"https:\/\/rental-ecocar.com\/es\/flota\/\">nuestra flota de coches en Tenerife<\/a> o <a href=\"https:\/\/rental-ecocar.com\/es\/alquiler-de-coches-en-el-aeropuerto-de-tenerife-sur\/\">alquila un coche en el Aeropuerto de Tenerife Sur<\/a>.<\/p>\n","protected":false},"excerpt":{"rendered":"<p>Tenerife destaca como un para\u00edso para los entusiastas de la fotograf\u00eda, ya que ofrece una diversidad de paisajes que captan la esencia de la belleza natural. Desde las playas de arena negra hasta los imponentes picos del Teide, la isla te invita a explorar y documentar sus contrastes \u00fanicos. La luz del sol ba\u00f1ando los antiguos bosques de laurisilva, los acantilados que se encuentran con el Atl\u00e1ntico y los pintorescos pueblos inmersos en la bruma matinal ofrecen un lienzo v\u00edvido para los fot\u00f3grafos.  <\/p>\n","protected":false},"author":2,"featured_media":1028,"comment_status":"open","ping_status":"open","sticky":false,"template":"","format":"standard","meta":{"_joinchat":[],"footnotes":""},"categories":[27],"tags":[],"class_list":["post-1027","post","type-post","status-publish","format-standard","has-post-thumbnail","hentry","category-blog-es"],"_links":{"self":[{"href":"https:\/\/rental-ecocar.com\/es\/wp-json\/wp\/v2\/posts\/1027","targetHints":{"allow":["GET"]}}],"collection":[{"href":"https:\/\/rental-ecocar.com\/es\/wp-json\/wp\/v2\/posts"}],"about":[{"href":"https:\/\/rental-ecocar.com\/es\/wp-json\/wp\/v2\/types\/post"}],"author":[{"embeddable":true,"href":"https:\/\/rental-ecocar.com\/es\/wp-json\/wp\/v2\/users\/2"}],"replies":[{"embeddable":true,"href":"https:\/\/rental-ecocar.com\/es\/wp-json\/wp\/v2\/comments?post=1027"}],"version-history":[{"count":2,"href":"https:\/\/rental-ecocar.com\/es\/wp-json\/wp\/v2\/posts\/1027\/revisions"}],"predecessor-version":[{"id":2292,"href":"https:\/\/rental-ecocar.com\/es\/wp-json\/wp\/v2\/posts\/1027\/revisions\/2292"}],"wp:featuredmedia":[{"embeddable":true,"href":"https:\/\/rental-ecocar.com\/es\/wp-json\/wp\/v2\/media\/1028"}],"wp:attachment":[{"href":"https:\/\/rental-ecocar.com\/es\/wp-json\/wp\/v2\/media?parent=1027"}],"wp:term":[{"taxonomy":"category","embeddable":true,"href":"https:\/\/rental-ecocar.com\/es\/wp-json\/wp\/v2\/categories?post=1027"},{"taxonomy":"post_tag","embeddable":true,"href":"https:\/\/rental-ecocar.com\/es\/wp-json\/wp\/v2\/tags?post=1027"}],"curies":[{"name":"wp","href":"https:\/\/api.w.org\/{rel}","templated":true}]}}