{"id":1087,"date":"2025-02-14T11:36:49","date_gmt":"2025-02-14T11:36:49","guid":{"rendered":"https:\/\/rental-ecocar.com\/top-straende-auf-teneriffa-fuer-entspannung-und-abenteuer\/"},"modified":"2026-08-31T11:44:00","modified_gmt":"2026-08-31T11:44:00","slug":"top-straende-auf-teneriffa-fuer-entspannung-und-abenteuer","status":"publish","type":"post","link":"https:\/\/rental-ecocar.com\/de\/top-straende-auf-teneriffa-fuer-entspannung-und-abenteuer\/","title":{"rendered":"Top Str\u00e4nde auf Teneriffa f\u00fcr Entspannung und Abenteuer"},"content":{"rendered":"\n<p class=\"wp-block-paragraph\"><a href=\"https:\/\/www.hellocanaryislands.com\/beaches\/\" rel=\"nofollow noopener\" target=\"_blank\">Teneriffa bietet einige der atemberaubendsten Str\u00e4nde der Kanarischen Inseln<\/a>, jeder mit einem einzigartigen Charme und Reiz. Ganz gleich, ob Sie auf der Suche nach einem ruhigen R\u00fcckzugsort, einem familienfreundlichen Platz oder einem aufregenden Ort f\u00fcr Wassersportler sind, Teneriffa hat alles zu bieten. In diesem Reisef\u00fchrer stellen wir Ihnen die besten Str\u00e4nde der Insel vor, von den goldenen Sandstr\u00e4nden bis zu den dramatischen Vulkanlandschaften.  <\/p>\n<div>Wenn Sie diese sch\u00f6nen Str\u00e4nde erkunden m\u00f6chten, <a href=\"https:\/\/rental-ecocar.com\/de\/\"><strong>ein umweltfreundliches Auto zu mieten<\/strong><\/a> ist eine ausgezeichnete Wahl, um sich bequem \u00fcber die Insel zu bewegen. Schauen Sie sich unsere Flotte von \u00d6ko-Autos an, um eine nachhaltige und angenehme Erfahrung zu machen. <\/div>\n\n<hr class=\"wp-block-separator has-text-color has-cyan-bluish-gray-color has-alpha-channel-opacity has-cyan-bluish-gray-background-color has-background\" \/>\n\n<h2 class=\"wp-block-heading\">Playa de las Am\u00e9ricas f\u00fcr Spa\u00df und Sonne<\/h2>\n\n<p class=\"wp-block-paragraph\"><a href=\"https:\/\/www.hellocanaryislands.com\/beaches\/tenerife\/las-americas-beach\/\" rel=\"nofollow noopener\" target=\"_blank\">Playa de las Am\u00e9ricas<\/a> ist einer der beliebtesten Str\u00e4nde auf Teneriffa, bekannt f\u00fcr seine lebhafte Atmosph\u00e4re und eine Vielzahl von Aktivit\u00e4ten. Der Strand ist perfekt f\u00fcr alle, die Wassersport, Strandbars und eine lebhafte Szene m\u00f6gen. Mit seinem goldenen Sand und dem kristallklaren Wasser ist er die erste Wahl f\u00fcr Touristen.  <\/p>\n\n<p class=\"wp-block-paragraph\"><strong>Wichtige Merkmale:<\/strong><\/p>\n\n<ul class=\"wp-block-list\">\n<li><strong>Standort:<\/strong> Teneriffa S\u00fcd<\/li>\n\n\n\n<li><strong>Aktivit\u00e4ten:<\/strong> Surfen, Jet-Ski, Parasailing, Strandbars.<\/li>\n\n\n\n<li><strong>Familienfreundlich:<\/strong> Ja, in der N\u00e4he von Gesch\u00e4ften und Restaurants.<\/li>\n<\/ul>\n\n<figure class=\"wp-block-image size-full\"><img loading=\"lazy\" decoding=\"async\" width=\"512\" height=\"228\" src=\"https:\/\/rental-ecocar.com\/wp-content\/uploads\/2024\/12\/8-PJ36Asg5V45K3rC.png\" alt=\"\" class=\"wp-image-531\" title=\"\" srcset=\"https:\/\/rental-ecocar.com\/wp-content\/uploads\/2024\/12\/8-PJ36Asg5V45K3rC.png 512w, https:\/\/rental-ecocar.com\/wp-content\/uploads\/2024\/12\/8-PJ36Asg5V45K3rC-300x134.png 300w, https:\/\/rental-ecocar.com\/wp-content\/uploads\/2024\/12\/8-PJ36Asg5V45K3rC-480x214.png 480w, https:\/\/rental-ecocar.com\/wp-content\/uploads\/2024\/12\/8-PJ36Asg5V45K3rC-250x111.png 250w, https:\/\/rental-ecocar.com\/wp-content\/uploads\/2024\/12\/8-PJ36Asg5V45K3rC-150x67.png 150w\" sizes=\"auto, (max-width: 512px) 100vw, 512px\" \/><\/figure>\n\n<p class=\"wp-block-paragraph\">Wenn Sie in der N\u00e4he wohnen, ist <strong>ein Mietwagen<\/strong> die beste M\u00f6glichkeit, <a href=\"https:\/\/www.hellocanaryislands.com\/beaches\/tenerife\/las-americas-beach\/\" rel=\"nofollow noopener\" target=\"_blank\">Playa de las Am\u00e9ricas<\/a> und andere Str\u00e4nde in der N\u00e4he zu erreichen. Besuchen Sie unsere Website und buchen Sie Ihr umweltfreundliches Auto bei <a href=\"https:\/\/rental-ecocar.com\/de\/\" target=\"_blank\" rel=\"noreferrer noopener\">Rental EcoCar - Car Hire Tenerife<\/a>. <\/p>\n\n<hr class=\"wp-block-separator has-text-color has-cyan-bluish-gray-color has-alpha-channel-opacity has-cyan-bluish-gray-background-color has-background\" \/>\n\n<h2 class=\"wp-block-heading\">El M\u00e9dano, ideal zum Windsurfen<\/h2>\n\n<p class=\"wp-block-paragraph\"><a href=\"https:\/\/www.hellocanaryislands.com\/beaches\/tenerife\/el-medano-beach\/\" rel=\"nofollow noopener\" target=\"_blank\">El M\u00e9dano<\/a> ist bekannt f\u00fcr seine hervorragenden Bedingungen zum Wind- und Kitesurfen. An der S\u00fcdk\u00fcste gelegen, bietet dieser Strand eine entspanntere Atmosph\u00e4re im Vergleich zum belebteren Playa de las Am\u00e9ricas und zieht Wassersportler und Naturliebhaber an. <\/p>\n\n<p class=\"wp-block-paragraph\"><strong>Wichtige Merkmale:<\/strong><\/p>\n\n<ul class=\"wp-block-list\">\n<li><strong>Standort:<\/strong> S\u00fcdliches Teneriffa, in der N\u00e4he des Flughafens<\/li>\n\n\n\n<li><strong>Aktivit\u00e4ten:<\/strong> Windsurfen, Kitesurfen, Entspannung.<\/li>\n\n\n\n<li><strong>Einrichtungen:<\/strong> Windsurfing-Schulen, Strandbars und Restaurants.<\/li>\n<\/ul>\n\n<figure class=\"wp-block-image size-full\"><img loading=\"lazy\" decoding=\"async\" width=\"512\" height=\"340\" src=\"https:\/\/rental-ecocar.com\/wp-content\/uploads\/2024\/12\/8-a8KTTsddQeRXhrJ.png\" alt=\"\" class=\"wp-image-532\" title=\"\" srcset=\"https:\/\/rental-ecocar.com\/wp-content\/uploads\/2024\/12\/8-a8KTTsddQeRXhrJ.png 512w, https:\/\/rental-ecocar.com\/wp-content\/uploads\/2024\/12\/8-a8KTTsddQeRXhrJ-300x199.png 300w, https:\/\/rental-ecocar.com\/wp-content\/uploads\/2024\/12\/8-a8KTTsddQeRXhrJ-480x319.png 480w, https:\/\/rental-ecocar.com\/wp-content\/uploads\/2024\/12\/8-a8KTTsddQeRXhrJ-250x166.png 250w, https:\/\/rental-ecocar.com\/wp-content\/uploads\/2024\/12\/8-a8KTTsddQeRXhrJ-376x250.png 376w, https:\/\/rental-ecocar.com\/wp-content\/uploads\/2024\/12\/8-a8KTTsddQeRXhrJ-150x100.png 150w\" sizes=\"auto, (max-width: 512px) 100vw, 512px\" \/><\/figure>\n\n<p class=\"wp-block-paragraph\">Um <a href=\"https:\/\/www.hellocanaryislands.com\/beaches\/tenerife\/el-medano-beach\/\" rel=\"nofollow noopener\" target=\"_blank\">El M\u00e9dano<\/a> leicht zu erreichen, sollten Sie einen <strong>nachhaltigen Wagen<\/strong> f\u00fcr Ihre Reise mieten. Unsere umweltfreundlichen Fahrzeuge sind ideal, um die sch\u00f6nsten Orte der Insel zu erkunden. Buchen Sie Ihr Auto jetzt bei <a href=\"https:\/\/rental-ecocar.com\/de\/\" target=\"_blank\" rel=\"noreferrer noopener\">Eco Car Hire Tenerife<\/a>.  <\/p>\n\n<hr class=\"wp-block-separator has-text-color has-cyan-bluish-gray-color has-alpha-channel-opacity has-cyan-bluish-gray-background-color has-background\" \/>\n\n<h2 class=\"wp-block-heading\">Playa de la Tejita f\u00fcr Frieden und Ruhe<\/h2>\n\n<p class=\"wp-block-paragraph\"><a href=\"https:\/\/www.hellocanaryislands.com\/beaches\/tenerife\/la-tejita-beach\/\" rel=\"nofollow noopener\" target=\"_blank\">Der Playa de la Tejita<\/a> ist einer der ruhigeren Str\u00e4nde auf Teneriffa und damit ideal f\u00fcr diejenigen, die den Menschenmassen entkommen m\u00f6chten. In der N\u00e4he von Monta\u00f1a Roja gelegen, ist dieser Strand ein gro\u00dfartiger Ort, um sich zu entspannen und die Sch\u00f6nheit der vulkanischen Landschaft der Insel zu genie\u00dfen. <\/p>\n\n<p class=\"wp-block-paragraph\"><strong>Wichtige Merkmale:<\/strong><\/p>\n\n<ul class=\"wp-block-list\">\n<li><strong>Standort:<\/strong> In der N\u00e4he von Monta\u00f1a Roja, im S\u00fcden Teneriffas<\/li>\n\n\n\n<li><strong>Aktivit\u00e4ten:<\/strong> Entspannen, Schwimmen und Wandern.<\/li>\n\n\n\n<li><strong>Einrichtungen:<\/strong> Begrenzte Annehmlichkeiten, ideal f\u00fcr Naturliebhaber.<\/li>\n<\/ul>\n\n<figure class=\"wp-block-image size-full\"><img loading=\"lazy\" decoding=\"async\" width=\"512\" height=\"340\" src=\"https:\/\/rental-ecocar.com\/wp-content\/uploads\/2024\/12\/8-kBCZ6Zjgdj8I37A.png\" alt=\"\" class=\"wp-image-533\" title=\"\" srcset=\"https:\/\/rental-ecocar.com\/wp-content\/uploads\/2024\/12\/8-kBCZ6Zjgdj8I37A.png 512w, https:\/\/rental-ecocar.com\/wp-content\/uploads\/2024\/12\/8-kBCZ6Zjgdj8I37A-300x199.png 300w, https:\/\/rental-ecocar.com\/wp-content\/uploads\/2024\/12\/8-kBCZ6Zjgdj8I37A-480x319.png 480w, https:\/\/rental-ecocar.com\/wp-content\/uploads\/2024\/12\/8-kBCZ6Zjgdj8I37A-250x166.png 250w, https:\/\/rental-ecocar.com\/wp-content\/uploads\/2024\/12\/8-kBCZ6Zjgdj8I37A-376x250.png 376w, https:\/\/rental-ecocar.com\/wp-content\/uploads\/2024\/12\/8-kBCZ6Zjgdj8I37A-150x100.png 150w\" sizes=\"auto, (max-width: 512px) 100vw, 512px\" \/><\/figure>\n\n<p class=\"wp-block-paragraph\"><a href=\"https:\/\/www.hellocanaryislands.com\/beaches\/tenerife\/la-tejita-beach\/\" rel=\"nofollow noopener\" target=\"_blank\">Playa de la Tejita<\/a> ist mit einem <strong>Mietwagen<\/strong> leicht zu erreichen, so dass Sie einen ruhigen Tag am Meer genie\u00dfen k\u00f6nnen. Mieten Sie Ihr \u00d6ko-Auto und erkunden Sie diesen atemberaubenden Strand bei <a href=\"https:\/\/rental-ecocar.com\/de\/\" target=\"_blank\" rel=\"noreferrer noopener\">Book Your Eco Car in Tenerife<\/a>. <\/p>\n\n<hr class=\"wp-block-separator has-text-color has-cyan-bluish-gray-color has-alpha-channel-opacity has-cyan-bluish-gray-background-color has-background\" \/>\n\n<h2 class=\"wp-block-heading\">Playa de las Vistas f\u00fcr Familienspa\u00df<\/h2>\n\n<p class=\"wp-block-paragraph\"><a href=\"https:\/\/www.hellocanaryislands.com\/beaches\/tenerife\/las-vistas-beach\/\" rel=\"nofollow noopener\" target=\"_blank\">Playa de las Vistas<\/a> in Los Cristianos ist einer der besten familienfreundlichen Str\u00e4nde auf Teneriffa. Mit seinem ruhigen Wasser, den zahlreichen Einrichtungen und der sicheren Umgebung f\u00fcr Kinder ist er eine gro\u00dfartige Option f\u00fcr einen Tag voller Familienspa\u00df. <\/p>\n\n<p class=\"wp-block-paragraph\"><strong>Wichtige Merkmale:<\/strong><\/p>\n\n<ul class=\"wp-block-list\">\n<li><strong>Standort:<\/strong> Los Cristianos, s\u00fcdliches Teneriffa<\/li>\n\n\n\n<li><strong>Aktivit\u00e4ten:<\/strong> Schwimmen, Sonnenbaden und Wassersport.<\/li>\n\n\n\n<li><strong>Einrichtungen:<\/strong> Duschen, Liegest\u00fchle, Strandbars und Restaurants.<\/li>\n<\/ul>\n\n<figure class=\"wp-block-image size-full\"><img loading=\"lazy\" decoding=\"async\" width=\"512\" height=\"340\" src=\"https:\/\/rental-ecocar.com\/wp-content\/uploads\/2024\/12\/8-v2ixA2Pmv3elua5.png\" alt=\"\" class=\"wp-image-534\" title=\"\" srcset=\"https:\/\/rental-ecocar.com\/wp-content\/uploads\/2024\/12\/8-v2ixA2Pmv3elua5.png 512w, https:\/\/rental-ecocar.com\/wp-content\/uploads\/2024\/12\/8-v2ixA2Pmv3elua5-300x199.png 300w, https:\/\/rental-ecocar.com\/wp-content\/uploads\/2024\/12\/8-v2ixA2Pmv3elua5-480x319.png 480w, https:\/\/rental-ecocar.com\/wp-content\/uploads\/2024\/12\/8-v2ixA2Pmv3elua5-250x166.png 250w, https:\/\/rental-ecocar.com\/wp-content\/uploads\/2024\/12\/8-v2ixA2Pmv3elua5-376x250.png 376w, https:\/\/rental-ecocar.com\/wp-content\/uploads\/2024\/12\/8-v2ixA2Pmv3elua5-150x100.png 150w\" sizes=\"auto, (max-width: 512px) 100vw, 512px\" \/><\/figure>\n\n<p class=\"wp-block-paragraph\">Um <a href=\"https:\/\/www.hellocanaryislands.com\/beaches\/tenerife\/las-vistas-beach\/\" rel=\"nofollow noopener\" target=\"_blank\">Playa de las Vistas<\/a> bequem zu erreichen, empfehlen wir Ihnen, ein Auto zu mieten. Mit einem umweltfreundlichen Fahrzeug k\u00f6nnen Sie die Gegend erkunden und das Beste aus Ihrem Tag machen. Weitere Informationen finden Sie unter <a href=\"https:\/\/rental-ecocar.com\/de\/\" target=\"_blank\" rel=\"noreferrer noopener\">EcoCar Teneriffa mieten<\/a>.  <\/p>\n\n<hr class=\"wp-block-separator has-text-color has-cyan-bluish-gray-color has-alpha-channel-opacity has-cyan-bluish-gray-background-color has-background is-style-wide\" \/>\n\n<h3 class=\"wp-block-heading\">Wann Sie die Str\u00e4nde Teneriffas besuchen sollten<\/h3>\n\n<p class=\"wp-block-paragraph\">Die beste Zeit, um die Str\u00e4nde Teneriffas zu besuchen, ist vom Fr\u00fchling bis zum Herbst, wenn das Wetter warm ist und das Meer zum Baden einl\u00e4dt. Das milde Klima der Insel erm\u00f6glicht jedoch das ganze Jahr \u00fcber Strandbesuche, was sie zu einem gro\u00dfartigen Ganzjahresziel macht. <\/p>\n\n<p class=\"wp-block-paragraph\"><strong>Tipp:<\/strong> Um die Menschenmassen zu vermeiden, sollten Sie Ihre Strandbesuche in den verkehrsarmen Monaten im Fr\u00fchling oder Herbst planen.<\/p>\n\n<hr class=\"wp-block-separator has-text-color has-cyan-bluish-gray-color has-alpha-channel-opacity has-cyan-bluish-gray-background-color has-background\" \/>\n\n<h3 class=\"wp-block-heading\">Die Str\u00e4nde von Teneriffa erkunden<\/h3>\n\n<p class=\"wp-block-paragraph\">Die meisten Str\u00e4nde Teneriffas sind leicht mit dem Auto zu erreichen, so dass das Mieten eines Fahrzeugs die beste Option f\u00fcr diejenigen ist, die mehrere Orte an einem Tag erkunden m\u00f6chten. Wenn Sie sich in beliebten Gegenden wie <a href=\"https:\/\/www.hellocanaryislands.com\/tourist-resorts\/tenerife\/costa-adeje\/\" rel=\"nofollow noopener\" target=\"_blank\">Costa Adeje<\/a> oder <a href=\"https:\/\/www.hellocanaryislands.com\/tourist-resorts\/tenerife\/playa-de-las-americas\/\" rel=\"nofollow noopener\" target=\"_blank\">Playa de las Am\u00e9ricas<\/a> aufhalten, k\u00f6nnen Sie diese Str\u00e4nde leicht mit dem Auto erreichen. <\/p>\n\n<p class=\"wp-block-paragraph\"><strong>Tipp:<\/strong> Wenn Sie ein Auto mieten, k\u00f6nnen Sie abgelegene Str\u00e4nde wie <a href=\"https:\/\/www.hellocanaryislands.com\/beaches\/tenerife\/la-tejita-beach\/\" rel=\"nofollow noopener\" target=\"_blank\">Playa de la Tejita<\/a> und <a href=\"https:\/\/www.hellocanaryislands.com\/beaches\/tenerife\/el-medano-beach\/\" rel=\"nofollow noopener\" target=\"_blank\">El M\u00e9dano<\/a> in Ihrem eigenen Tempo besuchen. Buchen Sie noch heute Ihren <strong>\u00d6ko-Mietwagen<\/strong> f\u00fcr eine reibungslose Reise. <\/p>\n\n<p class=\"wp-block-paragraph\">Sehen Sie sich unsere Auswahl an umweltfreundlichen Autos bei <a href=\"https:\/\/rental-ecocar.com\/de\/\" target=\"_blank\" rel=\"noreferrer noopener\">Eco Car Hire Tenerife<\/a> an.<\/p>\n\n<figure class=\"wp-block-image size-large is-resized\"><img loading=\"lazy\" decoding=\"async\" width=\"1024\" height=\"576\" src=\"https:\/\/rental-ecocar.com\/wp-content\/uploads\/2024\/10\/2-1024x576.png\" alt=\"&#xDC;ber Rental EcoCar\" class=\"wp-image-428\" style=\"width:556px;height:auto\" title=\"\" srcset=\"https:\/\/rental-ecocar.com\/wp-content\/uploads\/2024\/10\/2-1024x576.png 1024w, https:\/\/rental-ecocar.com\/wp-content\/uploads\/2024\/10\/2-300x169.png 300w, https:\/\/rental-ecocar.com\/wp-content\/uploads\/2024\/10\/2-768x432.png 768w, https:\/\/rental-ecocar.com\/wp-content\/uploads\/2024\/10\/2-1536x864.png 1536w, https:\/\/rental-ecocar.com\/wp-content\/uploads\/2024\/10\/2-480x270.png 480w, https:\/\/rental-ecocar.com\/wp-content\/uploads\/2024\/10\/2-853x480.png 853w, https:\/\/rental-ecocar.com\/wp-content\/uploads\/2024\/10\/2-250x141.png 250w, https:\/\/rental-ecocar.com\/wp-content\/uploads\/2024\/10\/2-444x250.png 444w, https:\/\/rental-ecocar.com\/wp-content\/uploads\/2024\/10\/2-150x84.png 150w, https:\/\/rental-ecocar.com\/wp-content\/uploads\/2024\/10\/2-605x340.png 605w, https:\/\/rental-ecocar.com\/wp-content\/uploads\/2024\/10\/2.png 1920w\" sizes=\"auto, (max-width: 1024px) 100vw, 1024px\" \/><\/figure>\n\n<hr class=\"wp-block-separator has-text-color has-cyan-bluish-gray-color has-alpha-channel-opacity has-cyan-bluish-gray-background-color has-background\" \/>\n\n<h2 class=\"wp-block-heading\">Erkunden Sie die Str\u00e4nde Teneriffas mit dem Eco Car<\/h2>\n\n<p class=\"wp-block-paragraph\">Die Str\u00e4nde Teneriffas bieten f\u00fcr jeden Reisenden etwas, ob Sie nun surfen, mit der Familie entspannen oder wandern wollen. Ein umweltfreundliches Auto zu mieten ist der beste Weg, um die K\u00fcste der Insel zu erkunden. Es bietet Flexibilit\u00e4t und Komfort und schont gleichzeitig die Umwelt. <\/p>\n\n<p class=\"wp-block-paragraph\">Buchen Sie noch heute Ihren umweltfreundlichen Mietwagen bei <a href=\"https:\/\/rental-ecocar.com\/de\/\" target=\"_blank\" rel=\"noreferrer noopener\">Rental EcoCar Tenerife<\/a> und beginnen Sie Ihr Strandabenteuer!<\/p>\n\n<p class=\"wp-block-paragraph\"><\/p>\n\n\n\n<p class=\"rec-links-seo wp-block-paragraph\">Planen Sie Ihre Reise? Entdecken Sie <a href=\"https:\/\/rental-ecocar.com\/de\/autoflotte\/\">unsere Fahrzeugflotte auf Teneriffa<\/a> oder <a href=\"https:\/\/rental-ecocar.com\/de\/autovermietung-am-flughafen-teneriffa-sued\/\">mieten Sie ein Auto am Flughafen Teneriffa S\u00fcd<\/a>.<\/p>\n","protected":false},"excerpt":{"rendered":"<p>Entdecken Sie die sch\u00f6nsten Str\u00e4nde Teneriffas! Entspannen Sie sich, treiben Sie Wassersport und mieten Sie ein umweltfreundliches Auto, um die Insel zu erkunden. <\/p>\n","protected":false},"author":9,"featured_media":1088,"comment_status":"open","ping_status":"open","sticky":false,"template":"","format":"standard","meta":{"_joinchat":[],"footnotes":""},"categories":[28],"tags":[],"class_list":["post-1087","post","type-post","status-publish","format-standard","has-post-thumbnail","hentry","category-blog-de"],"_links":{"self":[{"href":"https:\/\/rental-ecocar.com\/de\/wp-json\/wp\/v2\/posts\/1087","targetHints":{"allow":["GET"]}}],"collection":[{"href":"https:\/\/rental-ecocar.com\/de\/wp-json\/wp\/v2\/posts"}],"about":[{"href":"https:\/\/rental-ecocar.com\/de\/wp-json\/wp\/v2\/types\/post"}],"author":[{"embeddable":true,"href":"https:\/\/rental-ecocar.com\/de\/wp-json\/wp\/v2\/users\/9"}],"replies":[{"embeddable":true,"href":"https:\/\/rental-ecocar.com\/de\/wp-json\/wp\/v2\/comments?post=1087"}],"version-history":[{"count":2,"href":"https:\/\/rental-ecocar.com\/de\/wp-json\/wp\/v2\/posts\/1087\/revisions"}],"predecessor-version":[{"id":2297,"href":"https:\/\/rental-ecocar.com\/de\/wp-json\/wp\/v2\/posts\/1087\/revisions\/2297"}],"wp:featuredmedia":[{"embeddable":true,"href":"https:\/\/rental-ecocar.com\/de\/wp-json\/wp\/v2\/media\/1088"}],"wp:attachment":[{"href":"https:\/\/rental-ecocar.com\/de\/wp-json\/wp\/v2\/media?parent=1087"}],"wp:term":[{"taxonomy":"category","embeddable":true,"href":"https:\/\/rental-ecocar.com\/de\/wp-json\/wp\/v2\/categories?post=1087"},{"taxonomy":"post_tag","embeddable":true,"href":"https:\/\/rental-ecocar.com\/de\/wp-json\/wp\/v2\/tags?post=1087"}],"curies":[{"name":"wp","href":"https:\/\/api.w.org\/{rel}","templated":true}]}}