{"id":1030,"date":"2024-02-21T11:21:45","date_gmt":"2024-02-21T11:21:45","guid":{"rendered":"https:\/\/rental-ecocar.com\/teneriffa-erkunden-die-5-besten-aussichtspunkte-fuer-fotografen\/"},"modified":"2026-08-31T11:44:26","modified_gmt":"2026-08-31T11:44:26","slug":"teneriffa-erkunden-die-5-besten-aussichtspunkte-fuer-fotografen","status":"publish","type":"post","link":"https:\/\/rental-ecocar.com\/de\/teneriffa-erkunden-die-5-besten-aussichtspunkte-fuer-fotografen\/","title":{"rendered":"Teneriffa erkunden: Die 5 besten Aussichtspunkte f\u00fcr Fotografen"},"content":{"rendered":"\n<p class=\"wp-block-paragraph\">Teneriffa ist ein Paradies f\u00fcr Fotofreunde und bietet eine Vielfalt an Landschaften, die die Essenz der nat\u00fcrlichen Sch\u00f6nheit einfangen. Von den schwarzen Sandstr\u00e4nden bis zu den hoch aufragenden Gipfeln des Teide l\u00e4dt die Insel Sie ein, ihre einzigartigen Kontraste zu erkunden und zu dokumentieren. Das Sonnenlicht, das die uralten Lorbeerw\u00e4lder durchflutet, die Klippen, die auf den Atlantik treffen, und die malerischen D\u00f6rfer, die in den Morgennebel getaucht sind, bieten eine lebhafte Leinwand f\u00fcr Fotografen. In diesem Artikel stellen wir Ihnen die 5 besten Aussichtspunkte auf Teneriffa vor, von denen jeder ein Fenster zu den nat\u00fcrlichen und kulturellen Wundern der Insel \u00f6ffnet und sicherstellt, dass jede Aufnahme eine Geschichte, eine Emotion oder einen einzigartigen Moment wiedergibt.   <\/p>\n\n<h2 class=\"wp-block-heading\" id=\"h-mirador-de-chipeque\">Aussichtspunkt Chipeque<\/h2>\n\n<figure class=\"wp-block-image\"><img decoding=\"async\" src=\"https:\/\/rental-ecocar.com\/wp-content\/uploads\/2024\/02\/mirador-chipeque.jpg\" alt=\"chipeque Aussichtspunkt\" class=\"wp-image-1175\" title=\"\"><\/figure>\n\n<p class=\"wp-block-paragraph\">Der Mirador de Chipeque bietet einen faszinierenden Blick auf das Wolkenmeer, das oft die H\u00e4nge Teneriffas einh\u00fcllt und einen dramatischen Kontrast zum klaren Himmel bildet. Um die Majest\u00e4t dieses Ph\u00e4nomens einzufangen, besuchen Sie ihn am besten in den fr\u00fchen Morgenstunden oder bei Sonnenuntergang, wenn das weiche Licht den traumhaften Effekt des Wolkenmeeres noch verst\u00e4rkt. Verwenden Sie ein Stativ, um Ihre Kamera bei diesen wechselnden Lichtverh\u00e4ltnissen zu stabilisieren, und erw\u00e4gen Sie die Verwendung eines Polfilters, um die Farben des Himmels zu intensivieren. Experimentieren Sie mit verschiedenen Belichtungen, um sowohl die weiche Textur der Wolken als auch die Dynamik des Himmels einzufangen.   <\/p>\n\n<p class=\"wp-block-paragraph\"><strong>Wo ist sie?  <\/strong><a href=\"https:\/\/maps.app.goo.gl\/P43go9wZWQDyvaRw6\" rel=\"nofollow noopener\" target=\"_blank\">https:\/\/maps.app.goo.gl\/P43go9wZWQDyvaRw6<\/a><\/p>\n\n<h2 class=\"wp-block-heading\" id=\"h-mirador-de-la-tarta\">La Tarta Aussichtspunkt<\/h2>\n\n<figure class=\"wp-block-image\"><img decoding=\"async\" src=\"https:\/\/rental-ecocar.com\/wp-content\/uploads\/2024\/02\/mirador-la-tarta.jpg\" alt=\"la tarta Aussichtspunkt\" class=\"wp-image-1181\" title=\"\"><\/figure>\n\n<p class=\"wp-block-paragraph\">Der Mirador de La Tarta ist ber\u00fchmt f\u00fcr seine einzigartigen geologischen Formationen, die den Schichten einer bunten Torte \u00e4hneln. Diese Besonderheit bietet eine einzigartige Gelegenheit, die fotografische Komposition zu erforschen, wobei die horizontalen Linien der Formationen dazu dienen k\u00f6nnen, den Blick \u00fcber das Bild zu lenken und Tiefe und Perspektive zu schaffen. Die Verwendung eines Weitwinkelobjektivs wird empfohlen, um die Weite der Landschaft einzufangen. Au\u00dferdem k\u00f6nnte ein Neutraldichtefilter dabei helfen, die Belichtung zwischen dem Himmel und den Landformen auszugleichen, so dass der Reichtum an Details und Farben eingefangen werden kann, ohne dass ein Teil des Bildes \u00fcberbelichtet wird.   <\/p>\n\n<p class=\"wp-block-paragraph\"><strong>Wo ist sie?<\/strong> <a href=\"https:\/\/maps.app.goo.gl\/mdA41xBF4ewS2tQn9\" rel=\"nofollow noopener\" target=\"_blank\">https:\/\/maps.app.goo.gl\/mdA41xBF4ewS2tQn9<\/a><\/p>\n\n<h2 class=\"wp-block-heading\" id=\"h-mirador-del-pico-del-ingles\">Aussichtspunkt des Pico del Ingl\u00e9s<\/h2>\n\n<figure class=\"wp-block-image\"><img decoding=\"async\" src=\"https:\/\/rental-ecocar.com\/wp-content\/uploads\/2024\/02\/mirador-pico-del-ingles.jpg\" alt=\"pico del ingles Aussichtspunkt\" class=\"wp-image-1184\" title=\"\"><\/figure>\n\n<p class=\"wp-block-paragraph\">Der Mirador del Pico del Ingl\u00e9s ist ein au\u00dfergew\u00f6hnlicher Ort f\u00fcr diejenigen, die Panoramablicke auf Teneriffa einfangen m\u00f6chten, insbesondere bei dramatischen Sonnenauf- oder -unterg\u00e4ngen. Der Schl\u00fcssel zum Fotografieren hier ist die \"goldene Stunde\", kurz nach Sonnenaufgang oder vor Sonnenuntergang, wenn das weiche, warme Licht Ihren Fotos einen magischen Glanz verleiht. Verwenden Sie ein Stativ, um die Stabilit\u00e4t der Kamera bei diesen schlechten Lichtverh\u00e4ltnissen zu gew\u00e4hrleisten, und erw\u00e4gen Sie die Verwendung eines Neutraldichtefilters mit Farbverlauf, um die Belichtung zwischen dem leuchtenden Himmel und dem Gel\u00e4nde auszugleichen.  <\/p>\n\n<p class=\"wp-block-paragraph\"><strong>Wo ist sie?<\/strong> <a href=\"https:\/\/maps.app.goo.gl\/9SEcnMmsbMYs3H657\" rel=\"nofollow noopener\" target=\"_blank\">https:\/\/maps.app.goo.gl\/9SEcnMmsbMYs3H657<\/a><\/p>\n\n<h2 class=\"wp-block-heading\" id=\"h-mirador-de-garachico\">Aussichtspunkt Garachico<\/h2>\n\n<figure class=\"wp-block-image\"><img decoding=\"async\" src=\"https:\/\/rental-ecocar.com\/wp-content\/uploads\/2024\/02\/mirador-garachico.jpg\" alt=\"Aussichtspunkt Garachico\" class=\"wp-image-1178\" title=\"\"><\/figure>\n\n<p class=\"wp-block-paragraph\">Der Mirador de Garachico ist ein au\u00dfergew\u00f6hnlicher Ort f\u00fcr diejenigen, die st\u00e4dtische und nat\u00fcrliche Elemente in ihren Fotos kombinieren m\u00f6chten. Er bietet atemberaubende Ausblicke auf die Stadt Garachico und die umliegenden Vulkanformationen. Um diese Elemente ins Gleichgewicht zu bringen, sollten Sie sich auf Kompositionsregeln wie die Drittelregel konzentrieren und den Horizont auf eine der horizontalen Linien legen, um dem Himmel und der Landschaft die gleiche Bedeutung zu geben. Experimentieren Sie mit verschiedenen Blickwinkeln und H\u00f6hen, um das Zusammenspiel von historischer Architektur und atemberaubender Natur einzufangen.  <\/p>\n\n<p class=\"wp-block-paragraph\"><strong>Wo ist sie?<\/strong> <a href=\"https:\/\/maps.app.goo.gl\/zxnw9aHanRsDx1bW6\" rel=\"nofollow noopener\" target=\"_blank\">https:\/\/maps.app.goo.gl\/zxnw9aHanRsDx1bW6<\/a><\/p>\n\n<h2 class=\"wp-block-heading\" id=\"h-mirador-de-archipenque\">Archipenque Aussichtspunkt<\/h2>\n\n<figure class=\"wp-block-image\"><img decoding=\"async\" src=\"https:\/\/rental-ecocar.com\/wp-content\/uploads\/2024\/02\/mirador-archipenque.jpg\" alt=\"archipenque Aussichtspunkt\" class=\"wp-image-1172\" title=\"\"><\/figure>\n\n<p class=\"wp-block-paragraph\">Vom Mirador de Archipenque aus lassen sich spektakul\u00e4re Ausblicke auf die Klippen von Los Gigantes einfangen, eine lohnende Herausforderung f\u00fcr Fotografen. Um die Majest\u00e4t dieser Klippen mit einer Weitwinkelkamera zu nutzen, ist es entscheidend, mit dem Kontrast von Licht und Schatten zu spielen, insbesondere w\u00e4hrend der goldenen Stunden des Sonnenaufgangs oder Sonnenuntergangs. Dadurch werden nicht nur die Struktur und das Relief der Klippen hervorgehoben, sondern auch das weite Blau des Ozeans, das sich bis zum Horizont erstreckt. Experimentieren Sie mit verschiedenen Belichtungen, um die Details der Felsformationen vor dem dramatisch beleuchteten Himmel hervorzuheben.   <\/p>\n\n<p class=\"wp-block-paragraph\"><strong>Wo ist sie?<\/strong> <a href=\"https:\/\/maps.app.goo.gl\/7zuWZZTr1M8HsAuf9\" rel=\"nofollow noopener\" target=\"_blank\">https:\/\/maps.app.goo.gl\/7zuWZZTr1M8HsAuf9<\/a><\/p>\n\n\n\n<p class=\"rec-links-seo wp-block-paragraph\">Planen Sie Ihre Reise? Entdecken Sie <a href=\"https:\/\/rental-ecocar.com\/de\/autoflotte\/\">unsere Fahrzeugflotte auf Teneriffa<\/a> oder <a href=\"https:\/\/rental-ecocar.com\/de\/autovermietung-am-flughafen-teneriffa-sued\/\">mieten Sie ein Auto am Flughafen Teneriffa S\u00fcd<\/a>.<\/p>\n","protected":false},"excerpt":{"rendered":"<p>Teneriffa ist ein Paradies f\u00fcr Fotofreunde und bietet eine Vielfalt an Landschaften, die die Essenz der nat\u00fcrlichen Sch\u00f6nheit einfangen. Von den schwarzen Sandstr\u00e4nden bis zu den hoch aufragenden Gipfeln des Teide l\u00e4dt die Insel Sie ein, ihre einzigartigen Kontraste zu erkunden und zu dokumentieren. Das Sonnenlicht, das die alten Lorbeerw\u00e4lder durchflutet, die Klippen, die auf den Atlantik treffen, und die malerischen D\u00f6rfer, die in den Morgennebel getaucht sind, bieten eine lebendige Leinwand f\u00fcr Fotografen.  <\/p>\n","protected":false},"author":2,"featured_media":1031,"comment_status":"open","ping_status":"open","sticky":false,"template":"","format":"standard","meta":{"_joinchat":[],"footnotes":""},"categories":[28],"tags":[],"class_list":["post-1030","post","type-post","status-publish","format-standard","has-post-thumbnail","hentry","category-blog-de"],"_links":{"self":[{"href":"https:\/\/rental-ecocar.com\/de\/wp-json\/wp\/v2\/posts\/1030","targetHints":{"allow":["GET"]}}],"collection":[{"href":"https:\/\/rental-ecocar.com\/de\/wp-json\/wp\/v2\/posts"}],"about":[{"href":"https:\/\/rental-ecocar.com\/de\/wp-json\/wp\/v2\/types\/post"}],"author":[{"embeddable":true,"href":"https:\/\/rental-ecocar.com\/de\/wp-json\/wp\/v2\/users\/2"}],"replies":[{"embeddable":true,"href":"https:\/\/rental-ecocar.com\/de\/wp-json\/wp\/v2\/comments?post=1030"}],"version-history":[{"count":2,"href":"https:\/\/rental-ecocar.com\/de\/wp-json\/wp\/v2\/posts\/1030\/revisions"}],"predecessor-version":[{"id":2303,"href":"https:\/\/rental-ecocar.com\/de\/wp-json\/wp\/v2\/posts\/1030\/revisions\/2303"}],"wp:featuredmedia":[{"embeddable":true,"href":"https:\/\/rental-ecocar.com\/de\/wp-json\/wp\/v2\/media\/1031"}],"wp:attachment":[{"href":"https:\/\/rental-ecocar.com\/de\/wp-json\/wp\/v2\/media?parent=1030"}],"wp:term":[{"taxonomy":"category","embeddable":true,"href":"https:\/\/rental-ecocar.com\/de\/wp-json\/wp\/v2\/categories?post=1030"},{"taxonomy":"post_tag","embeddable":true,"href":"https:\/\/rental-ecocar.com\/de\/wp-json\/wp\/v2\/tags?post=1030"}],"curies":[{"name":"wp","href":"https:\/\/api.w.org\/{rel}","templated":true}]}}